{"id":344,"date":"2025-08-20T10:33:34","date_gmt":"2025-08-20T08:33:34","guid":{"rendered":"https:\/\/www.vyzkumak.cz\/blog\/?p=344"},"modified":"2025-08-25T10:50:45","modified_gmt":"2025-08-25T08:50:45","slug":"realuxcamp-2025","status":"publish","type":"post","link":"https:\/\/www.vyzkumak.cz\/blog\/realuxcamp-2025\/","title":{"rendered":"RealUXCamp 2025"},"content":{"rendered":"\n<p>V\u00fdzkum\u00e1k.cz se u\u017e podruh\u00e9 \u00fa\u010dastnil RealUXCampu. Zat\u00edmco loni jsem jel hlavn\u011b pro inspiraci, nov\u00e9 zku\u0161enosti a kontakty, letos m\u011bl RealUXCamp pro m\u011b i pracovn\u00ed rozm\u011br \u2013 byl jsem tam jako z\u00e1stupce V\u00fdzkum\u00e1ku, kter\u00fd akci letos podpo\u0159il jako sponzor. V\u011b\u0159\u00edme toti\u017e, \u017ee RealUXCamp si podporu zaslou\u017e\u00ed a \u017ee je to p\u0159esn\u011b ten typ akce, kter\u00fd UX komunita pot\u0159ebuje. Z\u00e1rove\u0148 jsme si dali za c\u00edl b\u00fdt aktivn\u00ed sou\u010d\u00e1st\u00ed UX komunity a podobn\u00e9 akce podporovat.<\/p>\n\n\n\n<!--more-->\n\n\n\n<div style=\"height:0px\" aria-hidden=\"true\" class=\"wp-block-spacer\"><\/div>\n\n\n\n<figure class=\"wp-block-image size-large\"><img loading=\"lazy\" decoding=\"async\" width=\"1024\" height=\"649\" src=\"https:\/\/www.vyzkumak.cz\/blog\/wp-content\/uploads\/2025\/08\/Snimek-obrazovky-2025-08-19-v-19.53.40-1024x649.png\" alt=\"\" class=\"wp-image-352\" srcset=\"https:\/\/www.vyzkumak.cz\/blog\/wp-content\/uploads\/2025\/08\/Snimek-obrazovky-2025-08-19-v-19.53.40-1024x649.png 1024w, https:\/\/www.vyzkumak.cz\/blog\/wp-content\/uploads\/2025\/08\/Snimek-obrazovky-2025-08-19-v-19.53.40-300x190.png 300w, https:\/\/www.vyzkumak.cz\/blog\/wp-content\/uploads\/2025\/08\/Snimek-obrazovky-2025-08-19-v-19.53.40-768x487.png 768w, https:\/\/www.vyzkumak.cz\/blog\/wp-content\/uploads\/2025\/08\/Snimek-obrazovky-2025-08-19-v-19.53.40-1536x974.png 1536w, https:\/\/www.vyzkumak.cz\/blog\/wp-content\/uploads\/2025\/08\/Snimek-obrazovky-2025-08-19-v-19.53.40.png 1990w\" sizes=\"(max-width: 1024px) 100vw, 1024px\" \/><\/figure>\n\n\n\n<h3 class=\"wp-block-heading\"><strong><strong>Co je to RealUXCamp?<\/strong><\/strong><\/h3>\n\n\n\n<p>Nejv\u00edc m\u011b na kempu bav\u00ed koncept. Nen\u00ed to klasick\u00e1 konference s pevn\u011b dan\u00fdm programem. Program si tvo\u0159\u00ed sami \u00fa\u010dastn\u00edci, podle toho, co cht\u011bj\u00ed sd\u00edlet. N\u011bkdo si st\u0159ihne p\u0159edn\u00e1\u0161ku, jin\u00fd vede workshop, dal\u0161\u00ed jen poslouch\u00e1 a nas\u00e1v\u00e1. Mo\u017enost\u00ed je spousta.<\/p>\n\n\n\n<p>To \u00fapln\u011b nejcenn\u011bj\u0161\u00ed, co na RealUXCampu vid\u00edm, je ale autenticita. V\u0161echno tu vznik\u00e1 p\u0159irozen\u011b \u2013 \u017e\u00e1dn\u00e9 marketingov\u00e9 pozl\u00e1tko. Pr\u00e1v\u011b naopak. V\u0161echno tu funguje \u201etak n\u011bjak samo\u201c \u2013 d\u00edky lidem, kte\u0159\u00ed p\u0159ijedou s chut\u00ed sd\u00edlet.<\/p>\n\n\n\n<figure class=\"wp-block-image size-full\"><img loading=\"lazy\" decoding=\"async\" width=\"798\" height=\"580\" src=\"https:\/\/www.vyzkumak.cz\/blog\/wp-content\/uploads\/2025\/08\/IMG_8706_wp.jpg\" alt=\"\" class=\"wp-image-363\" srcset=\"https:\/\/www.vyzkumak.cz\/blog\/wp-content\/uploads\/2025\/08\/IMG_8706_wp.jpg 798w, https:\/\/www.vyzkumak.cz\/blog\/wp-content\/uploads\/2025\/08\/IMG_8706_wp-300x218.jpg 300w, https:\/\/www.vyzkumak.cz\/blog\/wp-content\/uploads\/2025\/08\/IMG_8706_wp-768x558.jpg 768w\" sizes=\"(max-width: 798px) 100vw, 798px\" \/><\/figure>\n\n\n\n<figure class=\"wp-block-image size-full\"><img loading=\"lazy\" decoding=\"async\" width=\"800\" height=\"600\" src=\"https:\/\/www.vyzkumak.cz\/blog\/wp-content\/uploads\/2025\/08\/IMG_8698_wp-1.jpg\" alt=\"\" class=\"wp-image-354\" srcset=\"https:\/\/www.vyzkumak.cz\/blog\/wp-content\/uploads\/2025\/08\/IMG_8698_wp-1.jpg 800w, https:\/\/www.vyzkumak.cz\/blog\/wp-content\/uploads\/2025\/08\/IMG_8698_wp-1-300x225.jpg 300w, https:\/\/www.vyzkumak.cz\/blog\/wp-content\/uploads\/2025\/08\/IMG_8698_wp-1-768x576.jpg 768w\" sizes=\"(max-width: 800px) 100vw, 800px\" \/><\/figure>\n\n\n\n<h3 class=\"wp-block-heading\"><strong>M\u00edsto<\/strong><\/h3>\n\n\n\n<p>RealUXCamp se kon\u00e1 v Pab\u011bnick\u00e9m ml\u00fdn\u011b \u2013 usedlosti v Pab\u011bnic\u00edch nedaleko Kutn\u00e9 Hory. Uvnit\u0159 i venku je spousta m\u00edsta, kde po cel\u00fd den paraleln\u011b prob\u00edhaj\u00ed p\u0159edn\u00e1\u0161ky, workshopy i diskuze.<\/p>\n\n\n\n<p>To nejv\u011bt\u0161\u00ed kouzlo ale \u010dasto le\u017e\u00ed mimo ofici\u00e1ln\u00ed program. Na dvo\u0159e nebo louce se \u00fa\u010dastn\u00edci spont\u00e1nn\u011b potk\u00e1vaj\u00ed, leno\u0161\u00ed v tr\u00e1v\u011b, debatuj\u00ed u k\u00e1vy nebo si zahraj\u00ed deskovky. Mo\u017en\u00e1 si na chv\u00edli zkus\u00ed\u0161 rugby. Mo\u017en\u00e1 si jen p\u0159isedne\u0161 k ohni vedle \u00fapln\u011b nezn\u00e1m\u00e9ho \u010dlov\u011bka. A ne\u017e se nad\u011bje\u0161, jsi uprost\u0159ed rozhovoru, kter\u00fd ti z\u016fstane v hlav\u011b je\u0161t\u011b dlouho po n\u00e1vratu dom\u016f.<\/p>\n\n\n\n<p>A ono to funguje. Zku\u0161enosti se tu m\u00edchaj\u00ed s \u010derstv\u00fdmi n\u00e1pady \u2013 bez p\u0159edsudk\u016f, bez p\u0159etv\u00e1\u0159ky. Pro nov\u00e1\u010dky je to \u0161ance z\u00edskat kontakty, podporu i po\u0159\u00e1dn\u00e9 nakopnut\u00ed do za\u010d\u00e1tku.<\/p>\n\n\n\n<figure class=\"wp-block-image size-large\"><img loading=\"lazy\" decoding=\"async\" width=\"1024\" height=\"694\" src=\"https:\/\/www.vyzkumak.cz\/blog\/wp-content\/uploads\/2025\/08\/mapa-arealu-1024x694.jpg\" alt=\"Mapa are\u00e1lu\" class=\"wp-image-372\" srcset=\"https:\/\/www.vyzkumak.cz\/blog\/wp-content\/uploads\/2025\/08\/mapa-arealu-1024x694.jpg 1024w, https:\/\/www.vyzkumak.cz\/blog\/wp-content\/uploads\/2025\/08\/mapa-arealu-300x203.jpg 300w, https:\/\/www.vyzkumak.cz\/blog\/wp-content\/uploads\/2025\/08\/mapa-arealu-768x520.jpg 768w, https:\/\/www.vyzkumak.cz\/blog\/wp-content\/uploads\/2025\/08\/mapa-arealu-1536x1041.jpg 1536w, https:\/\/www.vyzkumak.cz\/blog\/wp-content\/uploads\/2025\/08\/mapa-arealu.jpg 1600w\" sizes=\"(max-width: 1024px) 100vw, 1024px\" \/><\/figure>\n\n\n\n<h3 class=\"wp-block-heading\"><strong>P\u0159edn\u00e1\u0161ky, kter\u00e9 ve m\u011b rezonovaly nejv\u00edc<\/strong><\/h3>\n\n\n\n<p><strong>Daniela Kolomazn\u00edkov\u00e1<\/strong> zah\u00e1jila kemp p\u0159edn\u00e1\u0161kou o tom,<strong> jak se AI agenti st\u00e1le v\u00edce p\u0159ibli\u017euj\u00ed roli osobn\u00edch terapeut\u016f<\/strong>. Sd\u00edlela, jak je sama vyu\u017e\u00edv\u00e1 ve sv\u00e9 psychoterapeutick\u00e9 praxi. Trefn\u011b popsala kl\u00ed\u010dovou v\u00fdhodu: AI je konzistentn\u00ed. Nem\u00e1 \u0161patnou n\u00e1ladu, nen\u00ed unaven\u00e1, pamatuje si v\u0161e. Terapeut m\u016f\u017ee m\u00edt dny, kdy je roztr\u017eit\u00fd nebo vy\u010derpan\u00fd. AI tyto limity nem\u00e1 \u2013 a i kdy\u017e n\u011bkdy p\u016fsob\u00ed, \u017ee se v\u00e1m p\u0159\u00edli\u0161 podb\u00edz\u00ed, d\u011bl\u00e1 to empaticky. A p\u0159esn\u011b to \u010dasto pot\u0159ebujeme sly\u0161et, kdy\u017e n\u00e1m nen\u00ed dob\u0159e.<\/p>\n\n\n\n<p><strong>Honza \u010cern\u00fd \u2013 V\u00fdvoj aplikace na\u017eivo s Claude Code<\/strong><\/p>\n\n\n\n<p>P\u0159edn\u00e1\u0161ka <strong>Honzy \u010cern\u00e9ho <\/strong> m\u011b zaujala odli\u0161n\u00fdm p\u0159\u00edstupem ne\u017e v\u011bt\u0161ina ostatn\u00edch. M\u00edsto slajd\u016f, prezentac\u00ed a p\u0159ipraven\u00e9ho sc\u00e9n\u00e1\u0159e se rozhodl jednodu\u0161e otev\u0159\u00edt Visual Studio Code, spustit <strong>Claude Code<\/strong> a rovnou za\u010d\u00edt k\u00f3dovat. Na\u017eivo. Bez p\u0159\u00edprav a bez berli\u010dek.<\/p>\n\n\n\n<p>Cel\u00e1 p\u0159edn\u00e1\u0161ka prob\u00edhala formou \u201ep\u0159em\u00fd\u0161len\u00ed nahlas\u201c. Honza mluvil p\u0159\u00edmo ke Claude \u2013 vysv\u011btloval, co po n\u011bm chce, pro\u010d zvolil ur\u010dit\u00e9 \u0159e\u0161en\u00ed, jak\u00fd je kontext zad\u00e1n\u00ed, a nechal AI generovat k\u00f3d. B\u011bhem necel\u00e9 p\u016flhodiny tak vznikl funk\u010dn\u00ed prototyp aplikace.<\/p>\n\n\n\n<figure class=\"wp-block-image size-large\"><img loading=\"lazy\" decoding=\"async\" width=\"1024\" height=\"768\" src=\"https:\/\/www.vyzkumak.cz\/blog\/wp-content\/uploads\/2025\/08\/IMG_8702-3-1024x768.jpg\" alt=\"\" class=\"wp-image-377\" srcset=\"https:\/\/www.vyzkumak.cz\/blog\/wp-content\/uploads\/2025\/08\/IMG_8702-3-1024x768.jpg 1024w, https:\/\/www.vyzkumak.cz\/blog\/wp-content\/uploads\/2025\/08\/IMG_8702-3-300x225.jpg 300w, https:\/\/www.vyzkumak.cz\/blog\/wp-content\/uploads\/2025\/08\/IMG_8702-3-768x576.jpg 768w, https:\/\/www.vyzkumak.cz\/blog\/wp-content\/uploads\/2025\/08\/IMG_8702-3-1536x1152.jpg 1536w, https:\/\/www.vyzkumak.cz\/blog\/wp-content\/uploads\/2025\/08\/IMG_8702-3.jpg 1600w\" sizes=\"(max-width: 1024px) 100vw, 1024px\" \/><\/figure>\n\n\n\n<p><strong>Honza Balata \u2013 Heuristika s AI<\/strong><\/p>\n\n\n\n<p>V dal\u0161\u00ed p\u0159edn\u00e1\u0161ce Honza Balata mluvil o tom, jak se d\u00edky n\u00e1stroj\u016fm jako Google Gemini daj\u00ed <strong>procesy heuristick\u00e9 anal\u00fdzy \u010d\u00e1ste\u010dn\u011b automatizovat<\/strong>. Gemini toti\u017e nepracoval jen se statick\u00fdmi obr\u00e1zky nebo funk\u010dn\u00edmi prototypy, ale rovnou s videem pr\u016fchodu rozhran\u00edm. AI sice generuje spoustu balastu a \u010dlov\u011bka zat\u00edm \u00fapln\u011b nenahrad\u00ed, ale um\u00ed rychle odhalit p\u0159eklepy, nekonzistence nebo chyb\u011bj\u00edc\u00ed popisky. Nejv\u011bt\u0161\u00ed p\u0159\u00ednos je v tom, \u017ee funguje jako \u201edruh\u00fd p\u00e1r o\u010d\u00ed\u201c a pom\u00e1h\u00e1 design\u00e9r\u016fm p\u0159ekonat slepotu k vlastn\u00edmu designu.<\/p>\n\n\n\n<p><strong>Praktick\u00e1 p\u0159\u00edstupnost<\/strong><\/p>\n\n\n\n<p>P\u0159edn\u00e1\u0161ka, kter\u00e1 cel\u00fd kemp uzav\u0159ela, se v\u011bnovala <strong>p\u0159\u00edstupnosti digit\u00e1ln\u00edch produkt\u016f<\/strong>. Ne\u0161lo o such\u00fd v\u00fd\u010det pravidel nebo checklist. M\u00edsto toho jsme vid\u011bli konkr\u00e9tn\u00ed uk\u00e1zky \u2013 t\u0159eba jak ovl\u00e1dat web jen pomoc\u00ed kl\u00e1vesnice nebo co v\u0161echno by m\u011bl p\u0159\u00edstupn\u00fd web spl\u0148ovat. T\u00e9ma p\u0159\u00edstupnosti zazn\u011blo na kempu hned dvakr\u00e1t, co\u017e jen potvrzuje, jak d\u016fle\u017eit\u00e9 a aktu\u00e1ln\u00ed toto t\u00e9ma pro UX komunitu je.<\/p>\n\n\n\n<h3 class=\"wp-block-heading\">Co si z leto\u0161n\u00edho RealUXCampu odn\u00e1\u0161\u00edm?<\/h3>\n\n\n\n<p>P\u0159edev\u0161\u00edm uv\u011bdom\u011bn\u00ed, \u017ee <strong>AI z\u00e1sadn\u011b prom\u011b\u0148uje pr\u00e1ci design\u00e9r\u016f<\/strong>. Ne t\u00edm, \u017ee by n\u00e1s nahrazovala, ale t\u00edm, jak m\u011bn\u00ed n\u00e1stroje, procesy a samotn\u00fd zp\u016fsob, jak\u00fdm p\u0159em\u00fd\u0161l\u00edme a tvo\u0159\u00edme.<\/p>\n\n\n\n<p>A tak\u00e9 <strong>potvrzen\u00ed, \u017ee komunita m\u00e1 smysl.<\/strong> RealUXCamp pro m\u011b nen\u00ed jen v\u00edkend pln\u00fd p\u0159edn\u00e1\u0161ek. Je to prostor, kde se potk\u00e1vaj\u00ed lid\u00e9, kte\u0159\u00ed cht\u011bj\u00ed sd\u00edlet, u\u010dit se a navz\u00e1jem se posouvat. Velk\u00e9 d\u00edky pat\u0159\u00ed organiz\u00e1tor\u016fm \u2013 <strong>Drahom\u00edru H\u00e1jkovi, Pet\u0159e Stejskalov\u00e9, Zuzan\u011b \u0160t\u011bdr\u00e9 a Danielu Srbovi<\/strong> za perfektn\u011b zvl\u00e1dnut\u00fd pr\u016fb\u011bh cel\u00e9 akce.<\/p>\n\n\n\n<div style=\"height:1px\" aria-hidden=\"true\" class=\"wp-block-spacer\"><\/div>\n","protected":false},"excerpt":{"rendered":"<p>V\u00fdzkum\u00e1k.cz se u\u017e podruh\u00e9 \u00fa\u010dastnil RealUXCampu. Zat\u00edmco loni jsem jel hlavn\u011b pro inspiraci, nov\u00e9 zku\u0161enosti a kontakty, letos m\u011bl RealUXCamp pro m\u011b i pracovn\u00ed rozm\u011br \u2013 byl jsem tam jako z\u00e1stupce V\u00fdzkum\u00e1ku, kter\u00fd akci letos podpo\u0159il jako sponzor. V\u011b\u0159\u00edme toti\u017e, \u017ee RealUXCamp si podporu zaslou\u017e\u00ed a \u017ee je to p\u0159esn\u011b ten typ akce, kter\u00fd UX &hellip; <a href=\"https:\/\/www.vyzkumak.cz\/blog\/realuxcamp-2025\/\" class=\"more-link\">Pokra\u010dov\u00e1n\u00ed textu <span class=\"screen-reader-text\">RealUXCamp 2025<\/span><\/a><\/p>\n","protected":false},"author":3,"featured_media":381,"comment_status":"closed","ping_status":"open","sticky":false,"template":"","format":"standard","meta":{"footnotes":""},"categories":[1],"tags":[],"yoast_head":"<!-- This site is optimized with the Yoast SEO plugin v21.7 - https:\/\/yoast.com\/wordpress\/plugins\/seo\/ -->\n<title>RealUXCamp 2025 - UX laborato\u0159 V\u00fdzkum\u00e1k blog - rady a tipy o UX<\/title>\n<meta name=\"description\" content=\"Druh\u00fd rok na RealUXCampu v Pab\u011bnick\u00e9m ml\u00fdn\u011b uk\u00e1zal, pro\u010d m\u00e1 tahle akce v UX komunit\u011b sv\u00e9 m\u00edsto. T\u0159\u00eddenn\u00ed setk\u00e1n\u00ed pln\u00e9 p\u0159edn\u00e1\u0161ek, workshop\u016f i rozhovor\u016f u ohn\u011b p\u0159itahuje zku\u0161en\u00e9 design\u00e9ry i nov\u00e1\u010dky, kte\u0159\u00ed cht\u011bj\u00ed sd\u00edlet zku\u0161enosti a na\u010derpat inspiraci.\" \/>\n<meta name=\"robots\" content=\"index, follow, max-snippet:-1, max-image-preview:large, max-video-preview:-1\" \/>\n<link rel=\"canonical\" href=\"https:\/\/www.vyzkumak.cz\/blog\/realuxcamp-2025\/\" \/>\n<meta property=\"og:locale\" content=\"cs_CZ\" \/>\n<meta property=\"og:type\" content=\"article\" \/>\n<meta property=\"og:title\" content=\"RealUXCamp 2025 - UX laborato\u0159 V\u00fdzkum\u00e1k blog - rady a tipy o UX\" \/>\n<meta property=\"og:description\" content=\"Druh\u00fd rok na RealUXCampu v Pab\u011bnick\u00e9m ml\u00fdn\u011b uk\u00e1zal, pro\u010d m\u00e1 tahle akce v UX komunit\u011b sv\u00e9 m\u00edsto. T\u0159\u00eddenn\u00ed setk\u00e1n\u00ed pln\u00e9 p\u0159edn\u00e1\u0161ek, workshop\u016f i rozhovor\u016f u ohn\u011b p\u0159itahuje zku\u0161en\u00e9 design\u00e9ry i nov\u00e1\u010dky, kte\u0159\u00ed cht\u011bj\u00ed sd\u00edlet zku\u0161enosti a na\u010derpat inspiraci.\" \/>\n<meta property=\"og:url\" content=\"https:\/\/www.vyzkumak.cz\/blog\/realuxcamp-2025\/\" \/>\n<meta property=\"og:site_name\" content=\"UX laborato\u0159 V\u00fdzkum\u00e1k blog - rady a tipy o UX\" \/>\n<meta property=\"article:publisher\" content=\"https:\/\/www.facebook.com\/vyzkumak.cz\" \/>\n<meta property=\"article:published_time\" content=\"2025-08-20T08:33:34+00:00\" \/>\n<meta property=\"article:modified_time\" content=\"2025-08-25T08:50:45+00:00\" \/>\n<meta property=\"og:image\" content=\"https:\/\/www.vyzkumak.cz\/blog\/wp-content\/uploads\/2025\/08\/RUXC-logo-nahled.jpg\" \/>\n\t<meta property=\"og:image:width\" content=\"565\" \/>\n\t<meta property=\"og:image:height\" content=\"200\" \/>\n\t<meta property=\"og:image:type\" content=\"image\/jpeg\" \/>\n<meta name=\"author\" content=\"Jakub Buk\u00e1\u010dek\" \/>\n<meta name=\"twitter:card\" content=\"summary_large_image\" \/>\n<meta name=\"twitter:label1\" content=\"Napsal(a)\" \/>\n\t<meta name=\"twitter:data1\" content=\"Jakub Buk\u00e1\u010dek\" \/>\n\t<meta name=\"twitter:label2\" content=\"Odhadovan\u00e1 doba \u010dten\u00ed\" \/>\n\t<meta name=\"twitter:data2\" content=\"5 minut\" \/>\n<script type=\"application\/ld+json\" class=\"yoast-schema-graph\">{\"@context\":\"https:\/\/schema.org\",\"@graph\":[{\"@type\":\"Article\",\"@id\":\"https:\/\/www.vyzkumak.cz\/blog\/realuxcamp-2025\/#article\",\"isPartOf\":{\"@id\":\"https:\/\/www.vyzkumak.cz\/blog\/realuxcamp-2025\/\"},\"author\":{\"name\":\"Jakub Buk\u00e1\u010dek\",\"@id\":\"https:\/\/www.vyzkumak.cz\/blog\/#\/schema\/person\/bce8cfd160163bef5fec6a656c8c72b1\"},\"headline\":\"RealUXCamp 2025\",\"datePublished\":\"2025-08-20T08:33:34+00:00\",\"dateModified\":\"2025-08-25T08:50:45+00:00\",\"mainEntityOfPage\":{\"@id\":\"https:\/\/www.vyzkumak.cz\/blog\/realuxcamp-2025\/\"},\"wordCount\":898,\"publisher\":{\"@id\":\"https:\/\/www.vyzkumak.cz\/blog\/#organization\"},\"inLanguage\":\"cs\"},{\"@type\":\"WebPage\",\"@id\":\"https:\/\/www.vyzkumak.cz\/blog\/realuxcamp-2025\/\",\"url\":\"https:\/\/www.vyzkumak.cz\/blog\/realuxcamp-2025\/\",\"name\":\"RealUXCamp 2025 - UX laborato\u0159 V\u00fdzkum\u00e1k blog - rady a tipy o UX\",\"isPartOf\":{\"@id\":\"https:\/\/www.vyzkumak.cz\/blog\/#website\"},\"datePublished\":\"2025-08-20T08:33:34+00:00\",\"dateModified\":\"2025-08-25T08:50:45+00:00\",\"description\":\"Druh\u00fd rok na RealUXCampu v Pab\u011bnick\u00e9m ml\u00fdn\u011b uk\u00e1zal, pro\u010d m\u00e1 tahle akce v UX komunit\u011b sv\u00e9 m\u00edsto. T\u0159\u00eddenn\u00ed setk\u00e1n\u00ed pln\u00e9 p\u0159edn\u00e1\u0161ek, workshop\u016f i rozhovor\u016f u ohn\u011b p\u0159itahuje zku\u0161en\u00e9 design\u00e9ry i nov\u00e1\u010dky, kte\u0159\u00ed cht\u011bj\u00ed sd\u00edlet zku\u0161enosti a na\u010derpat inspiraci.\",\"breadcrumb\":{\"@id\":\"https:\/\/www.vyzkumak.cz\/blog\/realuxcamp-2025\/#breadcrumb\"},\"inLanguage\":\"cs\",\"potentialAction\":[{\"@type\":\"ReadAction\",\"target\":[\"https:\/\/www.vyzkumak.cz\/blog\/realuxcamp-2025\/\"]}]},{\"@type\":\"BreadcrumbList\",\"@id\":\"https:\/\/www.vyzkumak.cz\/blog\/realuxcamp-2025\/#breadcrumb\",\"itemListElement\":[{\"@type\":\"ListItem\",\"position\":1,\"name\":\"Dom\u016f\",\"item\":\"https:\/\/www.vyzkumak.cz\/blog\/\"},{\"@type\":\"ListItem\",\"position\":2,\"name\":\"RealUXCamp 2025\"}]},{\"@type\":\"WebSite\",\"@id\":\"https:\/\/www.vyzkumak.cz\/blog\/#website\",\"url\":\"https:\/\/www.vyzkumak.cz\/blog\/\",\"name\":\"UX laborato\u0159 V\u00fdzkum\u00e1k blog - rady a tipy o UX\",\"description\":\"Na na\u0161em blogu se do\u010dtete, jak si ud\u011blat u\u017eivatelsk\u00e9 testov\u00e1n\u00ed nebo UX anal\u00fdzu sami a spoustu jin\u00fdch zaj\u00edmav\u00fdch v\u011bc\u00ed\",\"publisher\":{\"@id\":\"https:\/\/www.vyzkumak.cz\/blog\/#organization\"},\"potentialAction\":[{\"@type\":\"SearchAction\",\"target\":{\"@type\":\"EntryPoint\",\"urlTemplate\":\"https:\/\/www.vyzkumak.cz\/blog\/?s={search_term_string}\"},\"query-input\":\"required name=search_term_string\"}],\"inLanguage\":\"cs\"},{\"@type\":\"Organization\",\"@id\":\"https:\/\/www.vyzkumak.cz\/blog\/#organization\",\"name\":\"V\u00fdzkum\u00e1k.cz\",\"url\":\"https:\/\/www.vyzkumak.cz\/blog\/\",\"logo\":{\"@type\":\"ImageObject\",\"inLanguage\":\"cs\",\"@id\":\"https:\/\/www.vyzkumak.cz\/blog\/#\/schema\/logo\/image\/\",\"url\":\"https:\/\/www.vyzkumak.cz\/blog\/wp-content\/uploads\/2023\/12\/modrozelene-logo-s-textem-vedle-loga_no-space-arround_logo_vyzkumak_white_bg_left_text.png\",\"contentUrl\":\"https:\/\/www.vyzkumak.cz\/blog\/wp-content\/uploads\/2023\/12\/modrozelene-logo-s-textem-vedle-loga_no-space-arround_logo_vyzkumak_white_bg_left_text.png\",\"width\":1920,\"height\":1080,\"caption\":\"V\u00fdzkum\u00e1k.cz\"},\"image\":{\"@id\":\"https:\/\/www.vyzkumak.cz\/blog\/#\/schema\/logo\/image\/\"},\"sameAs\":[\"https:\/\/www.facebook.com\/vyzkumak.cz\",\"https:\/\/www.linkedin.com\/company\/vyzkumak-cz\/\"]},{\"@type\":\"Person\",\"@id\":\"https:\/\/www.vyzkumak.cz\/blog\/#\/schema\/person\/bce8cfd160163bef5fec6a656c8c72b1\",\"name\":\"Jakub Buk\u00e1\u010dek\",\"image\":{\"@type\":\"ImageObject\",\"inLanguage\":\"cs\",\"@id\":\"https:\/\/www.vyzkumak.cz\/blog\/#\/schema\/person\/image\/\",\"url\":\"https:\/\/www.vyzkumak.cz\/blog\/wp-content\/uploads\/2024\/01\/jakub-bukacek_avatar-96x96.png\",\"contentUrl\":\"https:\/\/www.vyzkumak.cz\/blog\/wp-content\/uploads\/2024\/01\/jakub-bukacek_avatar-96x96.png\",\"caption\":\"Jakub Buk\u00e1\u010dek\"},\"description\":\"Jsem ten, kdo se nepozorovan\u011b pl\u00ed\u017e\u00ed mezi pixely a star\u00e1 se o to, aby va\u0161e digit\u00e1ln\u00ed produkty byly srozumiteln\u00e9, intuitivn\u00ed a snadno pou\u017eiteln\u00e9. M\u00e1m za sebou v\u00edce ne\u017e 20 let zku\u0161enost\u00ed a spoustu \u00fasp\u011b\u0161n\u00fdch projekt\u016f, co \u0161lapou jak \u0161v\u00fdcarsk\u00e9 hodinky. Tak co, m\u00e1te pro m\u011b n\u011bjak\u00fd UX o\u0159\u00ed\u0161ek?\",\"sameAs\":[\"https:\/\/www.vyzkumak.cz\/\"],\"url\":\"https:\/\/www.vyzkumak.cz\/blog\/author\/jakub\/\"}]}<\/script>\n<!-- \/ Yoast SEO plugin. -->","yoast_head_json":{"title":"RealUXCamp 2025 - UX laborato\u0159 V\u00fdzkum\u00e1k blog - rady a tipy o UX","description":"Druh\u00fd rok na RealUXCampu v Pab\u011bnick\u00e9m ml\u00fdn\u011b uk\u00e1zal, pro\u010d m\u00e1 tahle akce v UX komunit\u011b sv\u00e9 m\u00edsto. T\u0159\u00eddenn\u00ed setk\u00e1n\u00ed pln\u00e9 p\u0159edn\u00e1\u0161ek, workshop\u016f i rozhovor\u016f u ohn\u011b p\u0159itahuje zku\u0161en\u00e9 design\u00e9ry i nov\u00e1\u010dky, kte\u0159\u00ed cht\u011bj\u00ed sd\u00edlet zku\u0161enosti a na\u010derpat inspiraci.","robots":{"index":"index","follow":"follow","max-snippet":"max-snippet:-1","max-image-preview":"max-image-preview:large","max-video-preview":"max-video-preview:-1"},"canonical":"https:\/\/www.vyzkumak.cz\/blog\/realuxcamp-2025\/","og_locale":"cs_CZ","og_type":"article","og_title":"RealUXCamp 2025 - UX laborato\u0159 V\u00fdzkum\u00e1k blog - rady a tipy o UX","og_description":"Druh\u00fd rok na RealUXCampu v Pab\u011bnick\u00e9m ml\u00fdn\u011b uk\u00e1zal, pro\u010d m\u00e1 tahle akce v UX komunit\u011b sv\u00e9 m\u00edsto. T\u0159\u00eddenn\u00ed setk\u00e1n\u00ed pln\u00e9 p\u0159edn\u00e1\u0161ek, workshop\u016f i rozhovor\u016f u ohn\u011b p\u0159itahuje zku\u0161en\u00e9 design\u00e9ry i nov\u00e1\u010dky, kte\u0159\u00ed cht\u011bj\u00ed sd\u00edlet zku\u0161enosti a na\u010derpat inspiraci.","og_url":"https:\/\/www.vyzkumak.cz\/blog\/realuxcamp-2025\/","og_site_name":"UX laborato\u0159 V\u00fdzkum\u00e1k blog - rady a tipy o UX","article_publisher":"https:\/\/www.facebook.com\/vyzkumak.cz","article_published_time":"2025-08-20T08:33:34+00:00","article_modified_time":"2025-08-25T08:50:45+00:00","og_image":[{"width":565,"height":200,"url":"https:\/\/www.vyzkumak.cz\/blog\/wp-content\/uploads\/2025\/08\/RUXC-logo-nahled.jpg","type":"image\/jpeg"}],"author":"Jakub Buk\u00e1\u010dek","twitter_card":"summary_large_image","twitter_misc":{"Napsal(a)":"Jakub Buk\u00e1\u010dek","Odhadovan\u00e1 doba \u010dten\u00ed":"5 minut"},"schema":{"@context":"https:\/\/schema.org","@graph":[{"@type":"Article","@id":"https:\/\/www.vyzkumak.cz\/blog\/realuxcamp-2025\/#article","isPartOf":{"@id":"https:\/\/www.vyzkumak.cz\/blog\/realuxcamp-2025\/"},"author":{"name":"Jakub Buk\u00e1\u010dek","@id":"https:\/\/www.vyzkumak.cz\/blog\/#\/schema\/person\/bce8cfd160163bef5fec6a656c8c72b1"},"headline":"RealUXCamp 2025","datePublished":"2025-08-20T08:33:34+00:00","dateModified":"2025-08-25T08:50:45+00:00","mainEntityOfPage":{"@id":"https:\/\/www.vyzkumak.cz\/blog\/realuxcamp-2025\/"},"wordCount":898,"publisher":{"@id":"https:\/\/www.vyzkumak.cz\/blog\/#organization"},"inLanguage":"cs"},{"@type":"WebPage","@id":"https:\/\/www.vyzkumak.cz\/blog\/realuxcamp-2025\/","url":"https:\/\/www.vyzkumak.cz\/blog\/realuxcamp-2025\/","name":"RealUXCamp 2025 - UX laborato\u0159 V\u00fdzkum\u00e1k blog - rady a tipy o UX","isPartOf":{"@id":"https:\/\/www.vyzkumak.cz\/blog\/#website"},"datePublished":"2025-08-20T08:33:34+00:00","dateModified":"2025-08-25T08:50:45+00:00","description":"Druh\u00fd rok na RealUXCampu v Pab\u011bnick\u00e9m ml\u00fdn\u011b uk\u00e1zal, pro\u010d m\u00e1 tahle akce v UX komunit\u011b sv\u00e9 m\u00edsto. T\u0159\u00eddenn\u00ed setk\u00e1n\u00ed pln\u00e9 p\u0159edn\u00e1\u0161ek, workshop\u016f i rozhovor\u016f u ohn\u011b p\u0159itahuje zku\u0161en\u00e9 design\u00e9ry i nov\u00e1\u010dky, kte\u0159\u00ed cht\u011bj\u00ed sd\u00edlet zku\u0161enosti a na\u010derpat inspiraci.","breadcrumb":{"@id":"https:\/\/www.vyzkumak.cz\/blog\/realuxcamp-2025\/#breadcrumb"},"inLanguage":"cs","potentialAction":[{"@type":"ReadAction","target":["https:\/\/www.vyzkumak.cz\/blog\/realuxcamp-2025\/"]}]},{"@type":"BreadcrumbList","@id":"https:\/\/www.vyzkumak.cz\/blog\/realuxcamp-2025\/#breadcrumb","itemListElement":[{"@type":"ListItem","position":1,"name":"Dom\u016f","item":"https:\/\/www.vyzkumak.cz\/blog\/"},{"@type":"ListItem","position":2,"name":"RealUXCamp 2025"}]},{"@type":"WebSite","@id":"https:\/\/www.vyzkumak.cz\/blog\/#website","url":"https:\/\/www.vyzkumak.cz\/blog\/","name":"UX laborato\u0159 V\u00fdzkum\u00e1k blog - rady a tipy o UX","description":"Na na\u0161em blogu se do\u010dtete, jak si ud\u011blat u\u017eivatelsk\u00e9 testov\u00e1n\u00ed nebo UX anal\u00fdzu sami a spoustu jin\u00fdch zaj\u00edmav\u00fdch v\u011bc\u00ed","publisher":{"@id":"https:\/\/www.vyzkumak.cz\/blog\/#organization"},"potentialAction":[{"@type":"SearchAction","target":{"@type":"EntryPoint","urlTemplate":"https:\/\/www.vyzkumak.cz\/blog\/?s={search_term_string}"},"query-input":"required name=search_term_string"}],"inLanguage":"cs"},{"@type":"Organization","@id":"https:\/\/www.vyzkumak.cz\/blog\/#organization","name":"V\u00fdzkum\u00e1k.cz","url":"https:\/\/www.vyzkumak.cz\/blog\/","logo":{"@type":"ImageObject","inLanguage":"cs","@id":"https:\/\/www.vyzkumak.cz\/blog\/#\/schema\/logo\/image\/","url":"https:\/\/www.vyzkumak.cz\/blog\/wp-content\/uploads\/2023\/12\/modrozelene-logo-s-textem-vedle-loga_no-space-arround_logo_vyzkumak_white_bg_left_text.png","contentUrl":"https:\/\/www.vyzkumak.cz\/blog\/wp-content\/uploads\/2023\/12\/modrozelene-logo-s-textem-vedle-loga_no-space-arround_logo_vyzkumak_white_bg_left_text.png","width":1920,"height":1080,"caption":"V\u00fdzkum\u00e1k.cz"},"image":{"@id":"https:\/\/www.vyzkumak.cz\/blog\/#\/schema\/logo\/image\/"},"sameAs":["https:\/\/www.facebook.com\/vyzkumak.cz","https:\/\/www.linkedin.com\/company\/vyzkumak-cz\/"]},{"@type":"Person","@id":"https:\/\/www.vyzkumak.cz\/blog\/#\/schema\/person\/bce8cfd160163bef5fec6a656c8c72b1","name":"Jakub Buk\u00e1\u010dek","image":{"@type":"ImageObject","inLanguage":"cs","@id":"https:\/\/www.vyzkumak.cz\/blog\/#\/schema\/person\/image\/","url":"https:\/\/www.vyzkumak.cz\/blog\/wp-content\/uploads\/2024\/01\/jakub-bukacek_avatar-96x96.png","contentUrl":"https:\/\/www.vyzkumak.cz\/blog\/wp-content\/uploads\/2024\/01\/jakub-bukacek_avatar-96x96.png","caption":"Jakub Buk\u00e1\u010dek"},"description":"Jsem ten, kdo se nepozorovan\u011b pl\u00ed\u017e\u00ed mezi pixely a star\u00e1 se o to, aby va\u0161e digit\u00e1ln\u00ed produkty byly srozumiteln\u00e9, intuitivn\u00ed a snadno pou\u017eiteln\u00e9. M\u00e1m za sebou v\u00edce ne\u017e 20 let zku\u0161enost\u00ed a spoustu \u00fasp\u011b\u0161n\u00fdch projekt\u016f, co \u0161lapou jak \u0161v\u00fdcarsk\u00e9 hodinky. Tak co, m\u00e1te pro m\u011b n\u011bjak\u00fd UX o\u0159\u00ed\u0161ek?","sameAs":["https:\/\/www.vyzkumak.cz\/"],"url":"https:\/\/www.vyzkumak.cz\/blog\/author\/jakub\/"}]}},"_links":{"self":[{"href":"https:\/\/www.vyzkumak.cz\/blog\/wp-json\/wp\/v2\/posts\/344"}],"collection":[{"href":"https:\/\/www.vyzkumak.cz\/blog\/wp-json\/wp\/v2\/posts"}],"about":[{"href":"https:\/\/www.vyzkumak.cz\/blog\/wp-json\/wp\/v2\/types\/post"}],"author":[{"embeddable":true,"href":"https:\/\/www.vyzkumak.cz\/blog\/wp-json\/wp\/v2\/users\/3"}],"replies":[{"embeddable":true,"href":"https:\/\/www.vyzkumak.cz\/blog\/wp-json\/wp\/v2\/comments?post=344"}],"version-history":[{"count":19,"href":"https:\/\/www.vyzkumak.cz\/blog\/wp-json\/wp\/v2\/posts\/344\/revisions"}],"predecessor-version":[{"id":378,"href":"https:\/\/www.vyzkumak.cz\/blog\/wp-json\/wp\/v2\/posts\/344\/revisions\/378"}],"wp:featuredmedia":[{"embeddable":true,"href":"https:\/\/www.vyzkumak.cz\/blog\/wp-json\/wp\/v2\/media\/381"}],"wp:attachment":[{"href":"https:\/\/www.vyzkumak.cz\/blog\/wp-json\/wp\/v2\/media?parent=344"}],"wp:term":[{"taxonomy":"category","embeddable":true,"href":"https:\/\/www.vyzkumak.cz\/blog\/wp-json\/wp\/v2\/categories?post=344"},{"taxonomy":"post_tag","embeddable":true,"href":"https:\/\/www.vyzkumak.cz\/blog\/wp-json\/wp\/v2\/tags?post=344"}],"curies":[{"name":"wp","href":"https:\/\/api.w.org\/{rel}","templated":true}]}}